{"id":2226,"date":"2023-09-26T16:38:31","date_gmt":"2023-09-26T16:38:31","guid":{"rendered":"https:\/\/aifg.it\/call-for-papers-the-12th-haskoli-islands-student-conference-on-the-medieval-north\/"},"modified":"2025-04-04T15:12:56","modified_gmt":"2025-04-04T15:12:56","slug":"call-for-papers-the-12th-haskoli-islands-student-conference-on-the-medieval-north","status":"publish","type":"post","link":"https:\/\/aifg.it\/en\/call-for-papers-the-12th-haskoli-islands-student-conference-on-the-medieval-north\/","title":{"rendered":"Call for Papers: The 12th H\u00e1sk\u00f3li \u00cdslands Student Conference on the Medieval North"},"content":{"rendered":"<div class=\"wpb-content-wrapper\"><p>[vc_row full_width=&#8221;stretch_row_content&#8221; css=&#8221;.vc_custom_1625490787506{padding-right: 15% !important;padding-left: 15% !important;}&#8221;][vc_column width=&#8221;1\/4&#8243;][vc_single_image image=&#8221;552&#8243; img_size=&#8221;full&#8221;][\/vc_column][vc_column width=&#8221;3\/4&#8243;]<div id=\"ultimate-heading-696569f5608a9d10b\" class=\"uvc-heading ult-adjust-bottom-margin ultimate-heading-696569f5608a9d10b uvc-1643  uvc-heading-default-font-sizes\" data-hspacer=\"no_spacer\"  data-halign=\"center\" style=\"text-align:center\"><div class=\"uvc-heading-spacer no_spacer\" style=\"top\"><\/div><div class=\"uvc-main-heading ult-responsive\"  data-ultimate-target='.uvc-heading.ultimate-heading-696569f5608a9d10b h2'  data-responsive-json-new='{\"font-size\":\"\",\"line-height\":\"\"}' ><h2 style=\"--font-weight:theme;\">The 13th H\u00e1sk\u00f3li \u00cdslands Student Conference on the Medieval North<\/h2><\/div><div class=\"uvc-sub-heading ult-responsive\"  data-ultimate-target='.uvc-heading.ultimate-heading-696569f5608a9d10b .uvc-sub-heading '  data-responsive-json-new='{\"font-size\":\"\",\"line-height\":\"\"}'  style=\"font-weight:normal;margin-bottom:15px;\">Reykjav\u00edk, April 11-13, 2024.<\/div><\/div>[vc_column_text]These days the call for speaking proposals for the 2024 edition of The H\u00e1sk\u00f3li \u00cdslands Student Conference on the Medieval North, which will be held at the H\u00e1sk\u00f3li \u00cdslands Edda auditorium in Reykjav\u00edk from April 11-13, 2024, has been circulated. Proposals for papers may cover different aspects pertaining to art history, archaeology, digital humanities, folklore, linguistics and literary tradition, or the reception of the Middle Ages. Proposals for interventions must be received by Dec. 4, 2023. All information regarding the submission of abstacts and the different types of intervention proposals can be found at the following URL:   <\/p>\n<p>https:\/\/histudentconference.wordpress.com\/[\/vc_column_text][\/vc_column][vc_column][vc_separator color=&#8221;sandy_brown&#8221;][\/vc_column][\/vc_row]<\/p>\n<\/div>","protected":false},"excerpt":{"rendered":"<p>[vc_row full_width=&#8221;stretch_row_content&#8221; css=&#8221;.vc_custom_1625490787506{padding-right: 15% !important;padding-left: 15% !important;}&#8221;][vc_column width=&#8221;1\/4&#8243;][vc_single_image image=&#8221;552&#8243; img_size=&#8221;full&#8221;][\/vc_column][vc_column width=&#8221;3\/4&#8243;][vc_column_text]These days the call for speaking proposals for the 2024 edition of The H\u00e1sk\u00f3li \u00cdslands Student Conference on the Medieval North, which will be held at the H\u00e1sk\u00f3li \u00cdslands Edda auditorium in Reykjav\u00edk from April 11-13, 2024, has been circulated. Proposals for papers may cover&hellip;<\/p>\n","protected":false},"author":2,"featured_media":1781,"comment_status":"closed","ping_status":"closed","sticky":false,"template":"","format":"standard","meta":{"footnotes":""},"categories":[17],"tags":[],"class_list":["post-2226","post","type-post","status-publish","format-standard","has-post-thumbnail","hentry","category-events-news","category-17","description-off"],"yoast_head":"<!-- This site is optimized with the Yoast SEO plugin v27.2 - https:\/\/yoast.com\/product\/yoast-seo-wordpress\/ -->\n<title>Call for Papers: The 12th H\u00e1sk\u00f3li \u00cdslands Student Conference on the Medieval North - AIFG<\/title>\n<meta name=\"robots\" content=\"index, follow, max-snippet:-1, max-image-preview:large, max-video-preview:-1\" \/>\n<link rel=\"canonical\" href=\"https:\/\/aifg.it\/en\/call-for-papers-the-12th-haskoli-islands-student-conference-on-the-medieval-north\/\" \/>\n<meta property=\"og:locale\" content=\"en_US\" \/>\n<meta property=\"og:type\" content=\"article\" \/>\n<meta property=\"og:title\" content=\"Call for Papers: The 12th H\u00e1sk\u00f3li \u00cdslands Student Conference on the Medieval North - AIFG\" \/>\n<meta property=\"og:description\" content=\"[vc_row full_width=&#8221;stretch_row_content&#8221; css=&#8221;.vc_custom_1625490787506{padding-right: 15% !important;padding-left: 15% !important;}&#8221;][vc_column width=&#8221;1\/4&#8243;][vc_single_image image=&#8221;552&#8243; img_size=&#8221;full&#8221;][\/vc_column][vc_column width=&#8221;3\/4&#8243;][vc_column_text]These days the call for speaking proposals for the 2024 edition of The H\u00e1sk\u00f3li \u00cdslands Student Conference on the Medieval North, which will be held at the H\u00e1sk\u00f3li \u00cdslands Edda auditorium in Reykjav\u00edk from April 11-13, 2024, has been circulated. Proposals for papers may cover&hellip;\" \/>\n<meta property=\"og:url\" content=\"https:\/\/aifg.it\/en\/call-for-papers-the-12th-haskoli-islands-student-conference-on-the-medieval-north\/\" \/>\n<meta property=\"og:site_name\" content=\"AIFG\" \/>\n<meta property=\"article:published_time\" content=\"2023-09-26T16:38:31+00:00\" \/>\n<meta property=\"article:modified_time\" content=\"2025-04-04T15:12:56+00:00\" \/>\n<meta property=\"og:image\" content=\"https:\/\/aifg.it\/wp-content\/uploads\/2021\/10\/Senzanome.jpg\" \/>\n\t<meta property=\"og:image:width\" content=\"800\" \/>\n\t<meta property=\"og:image:height\" content=\"533\" \/>\n\t<meta property=\"og:image:type\" content=\"image\/jpeg\" \/>\n<meta name=\"author\" content=\"aifg aifg\" \/>\n<meta name=\"twitter:card\" content=\"summary_large_image\" \/>\n<meta name=\"twitter:label1\" content=\"Written by\" \/>\n\t<meta name=\"twitter:data1\" content=\"aifg aifg\" \/>\n\t<meta name=\"twitter:label2\" content=\"Est. reading time\" \/>\n\t<meta name=\"twitter:data2\" content=\"1 minute\" \/>\n<script type=\"application\/ld+json\" class=\"yoast-schema-graph\">{\"@context\":\"https:\/\/schema.org\",\"@graph\":[{\"@type\":\"Article\",\"@id\":\"https:\/\/aifg.it\/en\/call-for-papers-the-12th-haskoli-islands-student-conference-on-the-medieval-north\/#article\",\"isPartOf\":{\"@id\":\"https:\/\/aifg.it\/en\/call-for-papers-the-12th-haskoli-islands-student-conference-on-the-medieval-north\/\"},\"author\":{\"name\":\"aifg aifg\",\"@id\":\"https:\/\/aifg.it\/en\/#\/schema\/person\/42948dc1408c4975b17c130d4a6fa3dc\"},\"headline\":\"Call for Papers: The 12th H\u00e1sk\u00f3li \u00cdslands Student Conference on the Medieval North\",\"datePublished\":\"2023-09-26T16:38:31+00:00\",\"dateModified\":\"2025-04-04T15:12:56+00:00\",\"mainEntityOfPage\":{\"@id\":\"https:\/\/aifg.it\/en\/call-for-papers-the-12th-haskoli-islands-student-conference-on-the-medieval-north\/\"},\"wordCount\":196,\"publisher\":{\"@id\":\"https:\/\/aifg.it\/en\/#organization\"},\"image\":{\"@id\":\"https:\/\/aifg.it\/en\/call-for-papers-the-12th-haskoli-islands-student-conference-on-the-medieval-north\/#primaryimage\"},\"thumbnailUrl\":\"https:\/\/aifg.it\/wp-content\/uploads\/2021\/10\/Senzanome.jpg\",\"articleSection\":[\"Events &amp; News\"],\"inLanguage\":\"en-US\"},{\"@type\":\"WebPage\",\"@id\":\"https:\/\/aifg.it\/en\/call-for-papers-the-12th-haskoli-islands-student-conference-on-the-medieval-north\/\",\"url\":\"https:\/\/aifg.it\/en\/call-for-papers-the-12th-haskoli-islands-student-conference-on-the-medieval-north\/\",\"name\":\"Call for Papers: The 12th H\u00e1sk\u00f3li \u00cdslands Student Conference on the Medieval North - AIFG\",\"isPartOf\":{\"@id\":\"https:\/\/aifg.it\/en\/#website\"},\"primaryImageOfPage\":{\"@id\":\"https:\/\/aifg.it\/en\/call-for-papers-the-12th-haskoli-islands-student-conference-on-the-medieval-north\/#primaryimage\"},\"image\":{\"@id\":\"https:\/\/aifg.it\/en\/call-for-papers-the-12th-haskoli-islands-student-conference-on-the-medieval-north\/#primaryimage\"},\"thumbnailUrl\":\"https:\/\/aifg.it\/wp-content\/uploads\/2021\/10\/Senzanome.jpg\",\"datePublished\":\"2023-09-26T16:38:31+00:00\",\"dateModified\":\"2025-04-04T15:12:56+00:00\",\"breadcrumb\":{\"@id\":\"https:\/\/aifg.it\/en\/call-for-papers-the-12th-haskoli-islands-student-conference-on-the-medieval-north\/#breadcrumb\"},\"inLanguage\":\"en-US\",\"potentialAction\":[{\"@type\":\"ReadAction\",\"target\":[\"https:\/\/aifg.it\/en\/call-for-papers-the-12th-haskoli-islands-student-conference-on-the-medieval-north\/\"]}]},{\"@type\":\"ImageObject\",\"inLanguage\":\"en-US\",\"@id\":\"https:\/\/aifg.it\/en\/call-for-papers-the-12th-haskoli-islands-student-conference-on-the-medieval-north\/#primaryimage\",\"url\":\"https:\/\/aifg.it\/wp-content\/uploads\/2021\/10\/Senzanome.jpg\",\"contentUrl\":\"https:\/\/aifg.it\/wp-content\/uploads\/2021\/10\/Senzanome.jpg\",\"width\":800,\"height\":533},{\"@type\":\"BreadcrumbList\",\"@id\":\"https:\/\/aifg.it\/en\/call-for-papers-the-12th-haskoli-islands-student-conference-on-the-medieval-north\/#breadcrumb\",\"itemListElement\":[{\"@type\":\"ListItem\",\"position\":1,\"name\":\"Home\",\"item\":\"https:\/\/aifg.it\/en\/\"},{\"@type\":\"ListItem\",\"position\":2,\"name\":\"Call for Papers: The 12th H\u00e1sk\u00f3li \u00cdslands Student Conference on the Medieval North\"}]},{\"@type\":\"WebSite\",\"@id\":\"https:\/\/aifg.it\/en\/#website\",\"url\":\"https:\/\/aifg.it\/en\/\",\"name\":\"AIFG - Associazione Italiana Filologia Germanica\",\"description\":\"ASSOCIAZIONE ITALIANA DI FILOLOGIA GERMANICA\",\"publisher\":{\"@id\":\"https:\/\/aifg.it\/en\/#organization\"},\"potentialAction\":[{\"@type\":\"SearchAction\",\"target\":{\"@type\":\"EntryPoint\",\"urlTemplate\":\"https:\/\/aifg.it\/en\/?s={search_term_string}\"},\"query-input\":{\"@type\":\"PropertyValueSpecification\",\"valueRequired\":true,\"valueName\":\"search_term_string\"}}],\"inLanguage\":\"en-US\"},{\"@type\":\"Organization\",\"@id\":\"https:\/\/aifg.it\/en\/#organization\",\"name\":\"Aifg Associazione Italiana Filologia Germanica\",\"url\":\"https:\/\/aifg.it\/en\/\",\"logo\":{\"@type\":\"ImageObject\",\"inLanguage\":\"en-US\",\"@id\":\"https:\/\/aifg.it\/en\/#\/schema\/logo\/image\/\",\"url\":\"https:\/\/aifg.it\/wp-content\/uploads\/2021\/05\/logo-aifg-trasparente.png\",\"contentUrl\":\"https:\/\/aifg.it\/wp-content\/uploads\/2021\/05\/logo-aifg-trasparente.png\",\"width\":317,\"height\":187,\"caption\":\"Aifg Associazione Italiana Filologia Germanica\"},\"image\":{\"@id\":\"https:\/\/aifg.it\/en\/#\/schema\/logo\/image\/\"}},{\"@type\":\"Person\",\"@id\":\"https:\/\/aifg.it\/en\/#\/schema\/person\/42948dc1408c4975b17c130d4a6fa3dc\",\"name\":\"aifg aifg\",\"image\":{\"@type\":\"ImageObject\",\"inLanguage\":\"en-US\",\"@id\":\"https:\/\/secure.gravatar.com\/avatar\/2a2d9a67512fc45434fba71b06c2223248a4aeafce639da983f81294b8deb10e?s=96&d=mm&r=g\",\"url\":\"https:\/\/secure.gravatar.com\/avatar\/2a2d9a67512fc45434fba71b06c2223248a4aeafce639da983f81294b8deb10e?s=96&d=mm&r=g\",\"contentUrl\":\"https:\/\/secure.gravatar.com\/avatar\/2a2d9a67512fc45434fba71b06c2223248a4aeafce639da983f81294b8deb10e?s=96&d=mm&r=g\",\"caption\":\"aifg aifg\"},\"url\":\"https:\/\/aifg.it\/en\/author\/aifg\/\"}]}<\/script>\n<!-- \/ Yoast SEO plugin. -->","yoast_head_json":{"title":"Call for Papers: The 12th H\u00e1sk\u00f3li \u00cdslands Student Conference on the Medieval North - AIFG","robots":{"index":"index","follow":"follow","max-snippet":"max-snippet:-1","max-image-preview":"max-image-preview:large","max-video-preview":"max-video-preview:-1"},"canonical":"https:\/\/aifg.it\/en\/call-for-papers-the-12th-haskoli-islands-student-conference-on-the-medieval-north\/","og_locale":"en_US","og_type":"article","og_title":"Call for Papers: The 12th H\u00e1sk\u00f3li \u00cdslands Student Conference on the Medieval North - AIFG","og_description":"[vc_row full_width=&#8221;stretch_row_content&#8221; css=&#8221;.vc_custom_1625490787506{padding-right: 15% !important;padding-left: 15% !important;}&#8221;][vc_column width=&#8221;1\/4&#8243;][vc_single_image image=&#8221;552&#8243; img_size=&#8221;full&#8221;][\/vc_column][vc_column width=&#8221;3\/4&#8243;][vc_column_text]These days the call for speaking proposals for the 2024 edition of The H\u00e1sk\u00f3li \u00cdslands Student Conference on the Medieval North, which will be held at the H\u00e1sk\u00f3li \u00cdslands Edda auditorium in Reykjav\u00edk from April 11-13, 2024, has been circulated. Proposals for papers may cover&hellip;","og_url":"https:\/\/aifg.it\/en\/call-for-papers-the-12th-haskoli-islands-student-conference-on-the-medieval-north\/","og_site_name":"AIFG","article_published_time":"2023-09-26T16:38:31+00:00","article_modified_time":"2025-04-04T15:12:56+00:00","og_image":[{"width":800,"height":533,"url":"https:\/\/aifg.it\/wp-content\/uploads\/2021\/10\/Senzanome.jpg","type":"image\/jpeg"}],"author":"aifg aifg","twitter_card":"summary_large_image","twitter_misc":{"Written by":"aifg aifg","Est. reading time":"1 minute"},"schema":{"@context":"https:\/\/schema.org","@graph":[{"@type":"Article","@id":"https:\/\/aifg.it\/en\/call-for-papers-the-12th-haskoli-islands-student-conference-on-the-medieval-north\/#article","isPartOf":{"@id":"https:\/\/aifg.it\/en\/call-for-papers-the-12th-haskoli-islands-student-conference-on-the-medieval-north\/"},"author":{"name":"aifg aifg","@id":"https:\/\/aifg.it\/en\/#\/schema\/person\/42948dc1408c4975b17c130d4a6fa3dc"},"headline":"Call for Papers: The 12th H\u00e1sk\u00f3li \u00cdslands Student Conference on the Medieval North","datePublished":"2023-09-26T16:38:31+00:00","dateModified":"2025-04-04T15:12:56+00:00","mainEntityOfPage":{"@id":"https:\/\/aifg.it\/en\/call-for-papers-the-12th-haskoli-islands-student-conference-on-the-medieval-north\/"},"wordCount":196,"publisher":{"@id":"https:\/\/aifg.it\/en\/#organization"},"image":{"@id":"https:\/\/aifg.it\/en\/call-for-papers-the-12th-haskoli-islands-student-conference-on-the-medieval-north\/#primaryimage"},"thumbnailUrl":"https:\/\/aifg.it\/wp-content\/uploads\/2021\/10\/Senzanome.jpg","articleSection":["Events &amp; News"],"inLanguage":"en-US"},{"@type":"WebPage","@id":"https:\/\/aifg.it\/en\/call-for-papers-the-12th-haskoli-islands-student-conference-on-the-medieval-north\/","url":"https:\/\/aifg.it\/en\/call-for-papers-the-12th-haskoli-islands-student-conference-on-the-medieval-north\/","name":"Call for Papers: The 12th H\u00e1sk\u00f3li \u00cdslands Student Conference on the Medieval North - AIFG","isPartOf":{"@id":"https:\/\/aifg.it\/en\/#website"},"primaryImageOfPage":{"@id":"https:\/\/aifg.it\/en\/call-for-papers-the-12th-haskoli-islands-student-conference-on-the-medieval-north\/#primaryimage"},"image":{"@id":"https:\/\/aifg.it\/en\/call-for-papers-the-12th-haskoli-islands-student-conference-on-the-medieval-north\/#primaryimage"},"thumbnailUrl":"https:\/\/aifg.it\/wp-content\/uploads\/2021\/10\/Senzanome.jpg","datePublished":"2023-09-26T16:38:31+00:00","dateModified":"2025-04-04T15:12:56+00:00","breadcrumb":{"@id":"https:\/\/aifg.it\/en\/call-for-papers-the-12th-haskoli-islands-student-conference-on-the-medieval-north\/#breadcrumb"},"inLanguage":"en-US","potentialAction":[{"@type":"ReadAction","target":["https:\/\/aifg.it\/en\/call-for-papers-the-12th-haskoli-islands-student-conference-on-the-medieval-north\/"]}]},{"@type":"ImageObject","inLanguage":"en-US","@id":"https:\/\/aifg.it\/en\/call-for-papers-the-12th-haskoli-islands-student-conference-on-the-medieval-north\/#primaryimage","url":"https:\/\/aifg.it\/wp-content\/uploads\/2021\/10\/Senzanome.jpg","contentUrl":"https:\/\/aifg.it\/wp-content\/uploads\/2021\/10\/Senzanome.jpg","width":800,"height":533},{"@type":"BreadcrumbList","@id":"https:\/\/aifg.it\/en\/call-for-papers-the-12th-haskoli-islands-student-conference-on-the-medieval-north\/#breadcrumb","itemListElement":[{"@type":"ListItem","position":1,"name":"Home","item":"https:\/\/aifg.it\/en\/"},{"@type":"ListItem","position":2,"name":"Call for Papers: The 12th H\u00e1sk\u00f3li \u00cdslands Student Conference on the Medieval North"}]},{"@type":"WebSite","@id":"https:\/\/aifg.it\/en\/#website","url":"https:\/\/aifg.it\/en\/","name":"AIFG - Associazione Italiana Filologia Germanica","description":"ASSOCIAZIONE ITALIANA DI FILOLOGIA GERMANICA","publisher":{"@id":"https:\/\/aifg.it\/en\/#organization"},"potentialAction":[{"@type":"SearchAction","target":{"@type":"EntryPoint","urlTemplate":"https:\/\/aifg.it\/en\/?s={search_term_string}"},"query-input":{"@type":"PropertyValueSpecification","valueRequired":true,"valueName":"search_term_string"}}],"inLanguage":"en-US"},{"@type":"Organization","@id":"https:\/\/aifg.it\/en\/#organization","name":"Aifg Associazione Italiana Filologia Germanica","url":"https:\/\/aifg.it\/en\/","logo":{"@type":"ImageObject","inLanguage":"en-US","@id":"https:\/\/aifg.it\/en\/#\/schema\/logo\/image\/","url":"https:\/\/aifg.it\/wp-content\/uploads\/2021\/05\/logo-aifg-trasparente.png","contentUrl":"https:\/\/aifg.it\/wp-content\/uploads\/2021\/05\/logo-aifg-trasparente.png","width":317,"height":187,"caption":"Aifg Associazione Italiana Filologia Germanica"},"image":{"@id":"https:\/\/aifg.it\/en\/#\/schema\/logo\/image\/"}},{"@type":"Person","@id":"https:\/\/aifg.it\/en\/#\/schema\/person\/42948dc1408c4975b17c130d4a6fa3dc","name":"aifg aifg","image":{"@type":"ImageObject","inLanguage":"en-US","@id":"https:\/\/secure.gravatar.com\/avatar\/2a2d9a67512fc45434fba71b06c2223248a4aeafce639da983f81294b8deb10e?s=96&d=mm&r=g","url":"https:\/\/secure.gravatar.com\/avatar\/2a2d9a67512fc45434fba71b06c2223248a4aeafce639da983f81294b8deb10e?s=96&d=mm&r=g","contentUrl":"https:\/\/secure.gravatar.com\/avatar\/2a2d9a67512fc45434fba71b06c2223248a4aeafce639da983f81294b8deb10e?s=96&d=mm&r=g","caption":"aifg aifg"},"url":"https:\/\/aifg.it\/en\/author\/aifg\/"}]}},"_links":{"self":[{"href":"https:\/\/aifg.it\/en\/wp-json\/wp\/v2\/posts\/2226","targetHints":{"allow":["GET"]}}],"collection":[{"href":"https:\/\/aifg.it\/en\/wp-json\/wp\/v2\/posts"}],"about":[{"href":"https:\/\/aifg.it\/en\/wp-json\/wp\/v2\/types\/post"}],"author":[{"embeddable":true,"href":"https:\/\/aifg.it\/en\/wp-json\/wp\/v2\/users\/2"}],"replies":[{"embeddable":true,"href":"https:\/\/aifg.it\/en\/wp-json\/wp\/v2\/comments?post=2226"}],"version-history":[{"count":10,"href":"https:\/\/aifg.it\/en\/wp-json\/wp\/v2\/posts\/2226\/revisions"}],"predecessor-version":[{"id":2261,"href":"https:\/\/aifg.it\/en\/wp-json\/wp\/v2\/posts\/2226\/revisions\/2261"}],"wp:featuredmedia":[{"embeddable":true,"href":"https:\/\/aifg.it\/en\/wp-json\/wp\/v2\/media\/1781"}],"wp:attachment":[{"href":"https:\/\/aifg.it\/en\/wp-json\/wp\/v2\/media?parent=2226"}],"wp:term":[{"taxonomy":"category","embeddable":true,"href":"https:\/\/aifg.it\/en\/wp-json\/wp\/v2\/categories?post=2226"},{"taxonomy":"post_tag","embeddable":true,"href":"https:\/\/aifg.it\/en\/wp-json\/wp\/v2\/tags?post=2226"}],"curies":[{"name":"wp","href":"https:\/\/api.w.org\/{rel}","templated":true}]}}