{"id":2565,"date":"2022-08-18T14:29:29","date_gmt":"2022-08-18T14:29:29","guid":{"rendered":"https:\/\/aifg.it\/magazine-supplement-3\/"},"modified":"2025-04-09T08:48:23","modified_gmt":"2025-04-09T08:48:23","slug":"magazine-supplement-3","status":"publish","type":"post","link":"https:\/\/aifg.it\/en\/magazine-supplement-3\/","title":{"rendered":"Journal &#8211; Supplement 3"},"content":{"rendered":"<div class=\"wpb-content-wrapper\"><p>[vc_row][vc_column][vc_column_text]<\/p>\n<div id=\"page-zones__main-widgets__text1\" class=\"widget widget--zone-widget js-widget\" data-name=\"content\" data-uniqueid=\"RTd5mw6Rl9SB9Ka\" data-parentuniqueid=\"qi10arl4Sv6vkSK\">\n<div class=\"bk-content-text content widget__content wysihtml-editor-content\">\n<div id=\"page-zones__main-widgets__text1\" class=\"widget widget--zone-widget js-widget\" data-name=\"content\" data-uniqueid=\"hMNbsRi0ZiYsJn5\" data-parentuniqueid=\"Uhb7aNiFH7mIdBC\">\n<div class=\"bk-content-text content widget__content wysihtml-editor-content\">\n<h2 style=\"text-align: center;\">Germanic Philology &#8211; Germanic Philology &#8211; Supplement 3<\/h2>\n<h3 style=\"text-align: center;\"><em><span class=\"wysiwyg-font-size-larger\">Food and health in medieval Germanic traditions \/ Food and Health in the Germanic Middle Ages<\/span><\/em><\/h3>\n<\/div>\n<\/div>\n<div id=\"page-zones__main-widgets__5e32b1309fe1b\" class=\"widget widget--zone-widget js-widget\" data-name=\"content\" data-uniqueid=\"ZR46Ddwp445MLWE\" data-parentuniqueid=\"Uhb7aNiFH7mIdBC\">\n<div class=\"bk-content-text content widget__content wysihtml-editor-content\">\n<p class=\"western\" style=\"text-align: center;\"><strong><span class=\"wysiwyg-font-size-medium\"><i>Editorial Board \/ Editorial Board<\/i><\/span><\/strong><\/p>\n<p class=\"western\" style=\"text-align: center;\"><span class=\"wysiwyg-font-size-medium\">Patrizia Lendinara (University of Palermo) &#8211; Editor-in-chief \/ Editor-in-chief<br \/>\n<\/span>Alessandro Zironi (Alma Mater Studiorum &#8211; University of Bologna) &#8211; President of AIFG \/ Chairman of AIFG<br \/>\nMaria Grazia Cammarota (University of Bergamo) &#8211; Councillor of AIFG \/ Councillor of AIFG<br \/>\nRosella Tinaburri (University of Cassino and Lazio Meridionale) &#8211; Councillor of AIFG \/ Councillor of AIFG<\/p>\n<p class=\"western\" style=\"text-align: center;\"><strong><span class=\"wysiwyg-font-size-medium\"><i>Scientific Committee \/ Scientific Committee<\/i><\/span><\/strong><\/p>\n<p class=\"western\" style=\"text-align: center;\">Chiara Benati (University of Genoa) &#8211; Coordinator \/ Coordinator<br \/>\nClaudia H\u00e4ndl (University of Genoa)<br \/>\nWilhelm Heizmann (Ludwig-Maximilians-Universit\u00e4t M\u00fcnchen)<br \/>\nCarla Riviello (University of Calabria)<br \/>\nLudwig R\u00fcbekeil (Universit\u00e4t Z\u00fcrich)<\/p>\n<\/div>\n<\/div>\n<\/div>\n<\/div>\n<p>[\/vc_column_text][\/vc_column][\/vc_row][vc_row][vc_column width=&#8221;1\/2&#8243;]<style type=\"text\/css\" data-type=\"the7_shortcodes-inline-css\">.shortcode-single-image-wrap.shortcode-single-image-2c06c34eef6d4c291818ad85e895b8bd.enable-bg-rollover .rollover i,\n.shortcode-single-image-wrap.shortcode-single-image-2c06c34eef6d4c291818ad85e895b8bd.enable-bg-rollover .rollover-video i {\n  background: -webkit-linear-gradient();\n  background: linear-gradient();\n}\n.shortcode-single-image-wrap.shortcode-single-image-2c06c34eef6d4c291818ad85e895b8bd .rollover-icon {\n  font-size: 32px;\n  color: #ffffff;\n  min-width: 44px;\n  min-height: 44px;\n  line-height: 44px;\n  border-radius: 100px;\n  border-style: solid;\n  border-width: 0px;\n}\n.dt-icon-bg-on.shortcode-single-image-wrap.shortcode-single-image-2c06c34eef6d4c291818ad85e895b8bd .rollover-icon {\n  background: rgba(255,255,255,0.3);\n  box-shadow: none;\n}<\/style><div class=\"shortcode-single-image-wrap shortcode-single-image-2c06c34eef6d4c291818ad85e895b8bd alignnone  enable-bg-rollover dt-icon-bg-off\" style=\"margin-top:0px; margin-bottom:0px; margin-left:0px; margin-right:0px; width:600px;\"><div class=\"shortcode-single-image\"><div class=\"fancy-media-wrap  layzr-bg\" style=\"\"><img fetchpriority=\"high\" decoding=\"async\" class=\"preload-me lazy-load aspect\" src=\"data:image\/svg+xml,%3Csvg%20xmlns%3D&#39;http%3A%2F%2Fwww.w3.org%2F2000%2Fsvg&#39;%20viewBox%3D&#39;0%200%20600%20842&#39;%2F%3E\" data-src=\"https:\/\/aifg.it\/wp-content\/uploads\/2022\/08\/copertina-filologia-3-2022_adattato-600x842.jpg\" data-srcset=\"https:\/\/aifg.it\/wp-content\/uploads\/2022\/08\/copertina-filologia-3-2022_adattato-600x842.jpg 600w, https:\/\/aifg.it\/wp-content\/uploads\/2022\/08\/copertina-filologia-3-2022_adattato-1016x1425.jpg 1016w\" loading=\"eager\" sizes=\"(max-width: 600px) 100vw, 600px\" width=\"600\" height=\"842\"  data-dt-location=\"https:\/\/aifg.it\/en\/copertina-filologia-3-2022_adattato\/\" style=\"--ratio: 600 \/ 842;\" alt=\"\" \/><\/div><\/div><\/div>[\/vc_column][vc_column width=&#8221;1\/2&#8243;][vc_column_text]<span class=\"wysiwyg-font-size-medium\">TABLE OF CONTENTS \/ CONTENTS<\/span><\/p>\n<p>Chiara Benati &#8211; Claudia H\u00e4ndl<br \/>\nFood and health in medieval Germanic traditions: a philological approach (pp. 1-10)<\/p>\n<p>Maria Giovanna Arcamone<br \/>\nFood and well-being among the ancient Germans (pp. 11-32)<\/p>\n<p>Sarah Baccianti<br \/>\nHealers, holy water and breast milk: some accounts of medical practices and spells in medieval Iceland (pp. 33-52)<\/p>\n<p>Chiara Benati<br \/>\nDie handschriftliche \u00dcberlieferung des Feldtbuch der Wundarzney: Luzern, Zentral- und Hochschulbibliothek, Pp 27 4o (pp. 53-71)<\/p>\n<p>Daniela Fruscione &#8211; Letizia Vezzosi<br \/>\n\u00de\u00e6r m\u00e6n drincen: Law and Drinking (pp. 73-118)<\/p>\n<p>Elvira Glaser<br \/>\nSchweizer Kochbuchhandschriften im sp\u00e4tmittelalterlich-fr\u00fchneuzeitlichen Kulturkontakt (pp. 119-139)<\/p>\n<p>Claudia H\u00e4ndl<br \/>\nEssen und Trinken in der deutschsprachigen Lyrik des Sp\u00e4tmittelalters. Zum Funktionswandel der Schlemmerthematik in den sogenannten Herbstliedern (pp. 141-171). <\/p>\n<p>Norbert K\u00f6ssinger<br \/>\nLiteratur als Medizin. Zum Armen Heinrich als Seuchenspruch (pp. 173-187). <\/p>\n<p>Patrizia Lendinara<br \/>\nFood Miracles in the Early Lives of St Cuthbert (pp. 189-223)<\/p>\n<p>Almut Mikeleits-Winter<br \/>\nIn fannun kasuezzit &#8211; Kochen und Essen in der \u00dcberlieferung des Althochdeutschen (pp. 225-259)<\/p>\n<p>Laura Poggesi<br \/>\nRemedies for bleeding: examples from an unpublished Middle English manuscript (pp. 261-285)<\/p>\n<p>Carla Riviello<br \/>\nEating and drinking among the Myrmidons: apocryphal sources in Old English representations (pp. 287-308)<\/p>\n<p>List of authors \/ List of contributors (pp. 309-311)<\/p>\n<p>Previous volumes \/ Previous volumes (pp. 312-313)[\/vc_column_text][\/vc_column][\/vc_row][vc_row][vc_column width=&#8221;1\/3&#8243;][vc_btn title=&#8221;FG-GPh-Supplement-Frontispiece-index&#8221; color=&#8221;orange&#8221; align=&#8221;center&#8221; i_icon_fontawesome=&#8221;fas fa-file-pdf&#8221; button_block=&#8221;true&#8221; add_icon=&#8221;true&#8221; link=&#8221;url:https%3A%2F%2Faifg.it%2Fwp-content%2Fuploads%2F2022%2F08%2FFG-Beiheft-3.pdf|target:_blank|&#8221;][\/vc_column][vc_column width=&#8221;1\/3&#8243;][vc_btn title=&#8221;FG-GPh-Supplement-Abstracts&#8221; color=&#8221;orange&#8221; align=&#8221;center&#8221; i_icon_fontawesome=&#8221;fas fa-file-pdf&#8221; button_block=&#8221;true&#8221; add_icon=&#8221;true&#8221; link=&#8221;url:https%3A%2F%2Faifg.it%2Fwp-content%2Fuploads%2F2022%2F08%2FBook_of_Abstracts_Supplemento-3-2022-1.pdf|target:_blank|&#8221;][\/vc_column][vc_column width=&#8221;1\/3&#8243;][vc_btn title=&#8221;FG-GPh-Supplement-Contributors&#8221; color=&#8221;orange&#8221; align=&#8221;center&#8221; i_icon_fontawesome=&#8221;fas fa-file-pdf&#8221; button_block=&#8221;true&#8221; add_icon=&#8221;true&#8221; link=&#8221;url:https%3A%2F%2Faifg.it%2Fwp-content%2Fuploads%2F2022%2F08%2FList_Contributors_Supplemento_3.pdf|target:_blank|&#8221;][\/vc_column][\/vc_row][vc_row][vc_column][\/vc_column][\/vc_row]<\/p>\n<\/div>","protected":false},"excerpt":{"rendered":"<p>[vc_row][vc_column][vc_column_text] Germanic Philology &#8211; Germanic Philology &#8211; Supplement 3 Food and health in medieval Germanic traditions \/ Food and Health in the Germanic Middle Ages Editorial Board \/ Editorial Board Patrizia Lendinara (University of Palermo) &#8211; Editor-in-chief \/ Editor-in-chief Alessandro Zironi (Alma Mater Studiorum &#8211; University of Bologna) &#8211; President of AIFG \/ Chairman of&hellip;<\/p>\n","protected":false},"author":2,"featured_media":1839,"comment_status":"closed","ping_status":"closed","sticky":false,"template":"","format":"standard","meta":{"footnotes":""},"categories":[19],"tags":[],"class_list":["post-2565","post","type-post","status-publish","format-standard","has-post-thumbnail","hentry","category-magazine-supplements","category-19","description-off"],"yoast_head":"<!-- This site is optimized with the Yoast SEO plugin v27.2 - https:\/\/yoast.com\/product\/yoast-seo-wordpress\/ -->\n<title>Journal - Supplement 3 - AIFG<\/title>\n<meta name=\"robots\" content=\"index, follow, max-snippet:-1, max-image-preview:large, max-video-preview:-1\" \/>\n<link rel=\"canonical\" href=\"https:\/\/aifg.it\/en\/magazine-supplement-3\/\" \/>\n<meta property=\"og:locale\" content=\"en_US\" \/>\n<meta property=\"og:type\" content=\"article\" \/>\n<meta property=\"og:title\" content=\"Journal - Supplement 3 - AIFG\" \/>\n<meta property=\"og:description\" content=\"[vc_row][vc_column][vc_column_text] Germanic Philology &#8211; Germanic Philology &#8211; Supplement 3 Food and health in medieval Germanic traditions \/ Food and Health in the Germanic Middle Ages Editorial Board \/ Editorial Board Patrizia Lendinara (University of Palermo) &#8211; Editor-in-chief \/ Editor-in-chief Alessandro Zironi (Alma Mater Studiorum &#8211; University of Bologna) &#8211; President of AIFG \/ Chairman of&hellip;\" \/>\n<meta property=\"og:url\" content=\"https:\/\/aifg.it\/en\/magazine-supplement-3\/\" \/>\n<meta property=\"og:site_name\" content=\"AIFG\" \/>\n<meta property=\"article:published_time\" content=\"2022-08-18T14:29:29+00:00\" \/>\n<meta property=\"article:modified_time\" content=\"2025-04-09T08:48:23+00:00\" \/>\n<meta property=\"og:image\" content=\"https:\/\/aifg.it\/wp-content\/uploads\/2022\/08\/copertina-filologia-3-2022_ridimensionata.jpg\" \/>\n\t<meta property=\"og:image:width\" content=\"1009\" \/>\n\t<meta property=\"og:image:height\" content=\"814\" \/>\n\t<meta property=\"og:image:type\" content=\"image\/jpeg\" \/>\n<meta name=\"author\" content=\"aifg aifg\" \/>\n<meta name=\"twitter:card\" content=\"summary_large_image\" \/>\n<meta name=\"twitter:label1\" content=\"Written by\" \/>\n\t<meta name=\"twitter:data1\" content=\"aifg aifg\" \/>\n\t<meta name=\"twitter:label2\" content=\"Est. reading time\" \/>\n\t<meta name=\"twitter:data2\" content=\"2 minutes\" \/>\n<script type=\"application\/ld+json\" class=\"yoast-schema-graph\">{\"@context\":\"https:\/\/schema.org\",\"@graph\":[{\"@type\":\"Article\",\"@id\":\"https:\/\/aifg.it\/en\/magazine-supplement-3\/#article\",\"isPartOf\":{\"@id\":\"https:\/\/aifg.it\/en\/magazine-supplement-3\/\"},\"author\":{\"name\":\"aifg aifg\",\"@id\":\"https:\/\/aifg.it\/en\/#\/schema\/person\/42948dc1408c4975b17c130d4a6fa3dc\"},\"headline\":\"Journal &#8211; Supplement 3\",\"datePublished\":\"2022-08-18T14:29:29+00:00\",\"dateModified\":\"2025-04-09T08:48:23+00:00\",\"mainEntityOfPage\":{\"@id\":\"https:\/\/aifg.it\/en\/magazine-supplement-3\/\"},\"wordCount\":498,\"publisher\":{\"@id\":\"https:\/\/aifg.it\/en\/#organization\"},\"image\":{\"@id\":\"https:\/\/aifg.it\/en\/magazine-supplement-3\/#primaryimage\"},\"thumbnailUrl\":\"https:\/\/aifg.it\/wp-content\/uploads\/2022\/08\/copertina-filologia-3-2022_ridimensionata.jpg\",\"articleSection\":[\"Magazine Supplements\"],\"inLanguage\":\"en-US\"},{\"@type\":\"WebPage\",\"@id\":\"https:\/\/aifg.it\/en\/magazine-supplement-3\/\",\"url\":\"https:\/\/aifg.it\/en\/magazine-supplement-3\/\",\"name\":\"Journal - Supplement 3 - AIFG\",\"isPartOf\":{\"@id\":\"https:\/\/aifg.it\/en\/#website\"},\"primaryImageOfPage\":{\"@id\":\"https:\/\/aifg.it\/en\/magazine-supplement-3\/#primaryimage\"},\"image\":{\"@id\":\"https:\/\/aifg.it\/en\/magazine-supplement-3\/#primaryimage\"},\"thumbnailUrl\":\"https:\/\/aifg.it\/wp-content\/uploads\/2022\/08\/copertina-filologia-3-2022_ridimensionata.jpg\",\"datePublished\":\"2022-08-18T14:29:29+00:00\",\"dateModified\":\"2025-04-09T08:48:23+00:00\",\"breadcrumb\":{\"@id\":\"https:\/\/aifg.it\/en\/magazine-supplement-3\/#breadcrumb\"},\"inLanguage\":\"en-US\",\"potentialAction\":[{\"@type\":\"ReadAction\",\"target\":[\"https:\/\/aifg.it\/en\/magazine-supplement-3\/\"]}]},{\"@type\":\"ImageObject\",\"inLanguage\":\"en-US\",\"@id\":\"https:\/\/aifg.it\/en\/magazine-supplement-3\/#primaryimage\",\"url\":\"https:\/\/aifg.it\/wp-content\/uploads\/2022\/08\/copertina-filologia-3-2022_ridimensionata.jpg\",\"contentUrl\":\"https:\/\/aifg.it\/wp-content\/uploads\/2022\/08\/copertina-filologia-3-2022_ridimensionata.jpg\",\"width\":1009,\"height\":814},{\"@type\":\"BreadcrumbList\",\"@id\":\"https:\/\/aifg.it\/en\/magazine-supplement-3\/#breadcrumb\",\"itemListElement\":[{\"@type\":\"ListItem\",\"position\":1,\"name\":\"Home\",\"item\":\"https:\/\/aifg.it\/en\/\"},{\"@type\":\"ListItem\",\"position\":2,\"name\":\"Journal &#8211; Supplement 3\"}]},{\"@type\":\"WebSite\",\"@id\":\"https:\/\/aifg.it\/en\/#website\",\"url\":\"https:\/\/aifg.it\/en\/\",\"name\":\"AIFG - Associazione Italiana Filologia Germanica\",\"description\":\"ASSOCIAZIONE ITALIANA DI FILOLOGIA GERMANICA\",\"publisher\":{\"@id\":\"https:\/\/aifg.it\/en\/#organization\"},\"potentialAction\":[{\"@type\":\"SearchAction\",\"target\":{\"@type\":\"EntryPoint\",\"urlTemplate\":\"https:\/\/aifg.it\/en\/?s={search_term_string}\"},\"query-input\":{\"@type\":\"PropertyValueSpecification\",\"valueRequired\":true,\"valueName\":\"search_term_string\"}}],\"inLanguage\":\"en-US\"},{\"@type\":\"Organization\",\"@id\":\"https:\/\/aifg.it\/en\/#organization\",\"name\":\"Aifg Associazione Italiana Filologia Germanica\",\"url\":\"https:\/\/aifg.it\/en\/\",\"logo\":{\"@type\":\"ImageObject\",\"inLanguage\":\"en-US\",\"@id\":\"https:\/\/aifg.it\/en\/#\/schema\/logo\/image\/\",\"url\":\"https:\/\/aifg.it\/wp-content\/uploads\/2021\/05\/logo-aifg-trasparente.png\",\"contentUrl\":\"https:\/\/aifg.it\/wp-content\/uploads\/2021\/05\/logo-aifg-trasparente.png\",\"width\":317,\"height\":187,\"caption\":\"Aifg Associazione Italiana Filologia Germanica\"},\"image\":{\"@id\":\"https:\/\/aifg.it\/en\/#\/schema\/logo\/image\/\"}},{\"@type\":\"Person\",\"@id\":\"https:\/\/aifg.it\/en\/#\/schema\/person\/42948dc1408c4975b17c130d4a6fa3dc\",\"name\":\"aifg aifg\",\"image\":{\"@type\":\"ImageObject\",\"inLanguage\":\"en-US\",\"@id\":\"https:\/\/secure.gravatar.com\/avatar\/2a2d9a67512fc45434fba71b06c2223248a4aeafce639da983f81294b8deb10e?s=96&d=mm&r=g\",\"url\":\"https:\/\/secure.gravatar.com\/avatar\/2a2d9a67512fc45434fba71b06c2223248a4aeafce639da983f81294b8deb10e?s=96&d=mm&r=g\",\"contentUrl\":\"https:\/\/secure.gravatar.com\/avatar\/2a2d9a67512fc45434fba71b06c2223248a4aeafce639da983f81294b8deb10e?s=96&d=mm&r=g\",\"caption\":\"aifg aifg\"},\"url\":\"https:\/\/aifg.it\/en\/author\/aifg\/\"}]}<\/script>\n<!-- \/ Yoast SEO plugin. -->","yoast_head_json":{"title":"Journal - Supplement 3 - AIFG","robots":{"index":"index","follow":"follow","max-snippet":"max-snippet:-1","max-image-preview":"max-image-preview:large","max-video-preview":"max-video-preview:-1"},"canonical":"https:\/\/aifg.it\/en\/magazine-supplement-3\/","og_locale":"en_US","og_type":"article","og_title":"Journal - Supplement 3 - AIFG","og_description":"[vc_row][vc_column][vc_column_text] Germanic Philology &#8211; Germanic Philology &#8211; Supplement 3 Food and health in medieval Germanic traditions \/ Food and Health in the Germanic Middle Ages Editorial Board \/ Editorial Board Patrizia Lendinara (University of Palermo) &#8211; Editor-in-chief \/ Editor-in-chief Alessandro Zironi (Alma Mater Studiorum &#8211; University of Bologna) &#8211; President of AIFG \/ Chairman of&hellip;","og_url":"https:\/\/aifg.it\/en\/magazine-supplement-3\/","og_site_name":"AIFG","article_published_time":"2022-08-18T14:29:29+00:00","article_modified_time":"2025-04-09T08:48:23+00:00","og_image":[{"width":1009,"height":814,"url":"https:\/\/aifg.it\/wp-content\/uploads\/2022\/08\/copertina-filologia-3-2022_ridimensionata.jpg","type":"image\/jpeg"}],"author":"aifg aifg","twitter_card":"summary_large_image","twitter_misc":{"Written by":"aifg aifg","Est. reading time":"2 minutes"},"schema":{"@context":"https:\/\/schema.org","@graph":[{"@type":"Article","@id":"https:\/\/aifg.it\/en\/magazine-supplement-3\/#article","isPartOf":{"@id":"https:\/\/aifg.it\/en\/magazine-supplement-3\/"},"author":{"name":"aifg aifg","@id":"https:\/\/aifg.it\/en\/#\/schema\/person\/42948dc1408c4975b17c130d4a6fa3dc"},"headline":"Journal &#8211; Supplement 3","datePublished":"2022-08-18T14:29:29+00:00","dateModified":"2025-04-09T08:48:23+00:00","mainEntityOfPage":{"@id":"https:\/\/aifg.it\/en\/magazine-supplement-3\/"},"wordCount":498,"publisher":{"@id":"https:\/\/aifg.it\/en\/#organization"},"image":{"@id":"https:\/\/aifg.it\/en\/magazine-supplement-3\/#primaryimage"},"thumbnailUrl":"https:\/\/aifg.it\/wp-content\/uploads\/2022\/08\/copertina-filologia-3-2022_ridimensionata.jpg","articleSection":["Magazine Supplements"],"inLanguage":"en-US"},{"@type":"WebPage","@id":"https:\/\/aifg.it\/en\/magazine-supplement-3\/","url":"https:\/\/aifg.it\/en\/magazine-supplement-3\/","name":"Journal - Supplement 3 - AIFG","isPartOf":{"@id":"https:\/\/aifg.it\/en\/#website"},"primaryImageOfPage":{"@id":"https:\/\/aifg.it\/en\/magazine-supplement-3\/#primaryimage"},"image":{"@id":"https:\/\/aifg.it\/en\/magazine-supplement-3\/#primaryimage"},"thumbnailUrl":"https:\/\/aifg.it\/wp-content\/uploads\/2022\/08\/copertina-filologia-3-2022_ridimensionata.jpg","datePublished":"2022-08-18T14:29:29+00:00","dateModified":"2025-04-09T08:48:23+00:00","breadcrumb":{"@id":"https:\/\/aifg.it\/en\/magazine-supplement-3\/#breadcrumb"},"inLanguage":"en-US","potentialAction":[{"@type":"ReadAction","target":["https:\/\/aifg.it\/en\/magazine-supplement-3\/"]}]},{"@type":"ImageObject","inLanguage":"en-US","@id":"https:\/\/aifg.it\/en\/magazine-supplement-3\/#primaryimage","url":"https:\/\/aifg.it\/wp-content\/uploads\/2022\/08\/copertina-filologia-3-2022_ridimensionata.jpg","contentUrl":"https:\/\/aifg.it\/wp-content\/uploads\/2022\/08\/copertina-filologia-3-2022_ridimensionata.jpg","width":1009,"height":814},{"@type":"BreadcrumbList","@id":"https:\/\/aifg.it\/en\/magazine-supplement-3\/#breadcrumb","itemListElement":[{"@type":"ListItem","position":1,"name":"Home","item":"https:\/\/aifg.it\/en\/"},{"@type":"ListItem","position":2,"name":"Journal &#8211; Supplement 3"}]},{"@type":"WebSite","@id":"https:\/\/aifg.it\/en\/#website","url":"https:\/\/aifg.it\/en\/","name":"AIFG - Associazione Italiana Filologia Germanica","description":"ASSOCIAZIONE ITALIANA DI FILOLOGIA GERMANICA","publisher":{"@id":"https:\/\/aifg.it\/en\/#organization"},"potentialAction":[{"@type":"SearchAction","target":{"@type":"EntryPoint","urlTemplate":"https:\/\/aifg.it\/en\/?s={search_term_string}"},"query-input":{"@type":"PropertyValueSpecification","valueRequired":true,"valueName":"search_term_string"}}],"inLanguage":"en-US"},{"@type":"Organization","@id":"https:\/\/aifg.it\/en\/#organization","name":"Aifg Associazione Italiana Filologia Germanica","url":"https:\/\/aifg.it\/en\/","logo":{"@type":"ImageObject","inLanguage":"en-US","@id":"https:\/\/aifg.it\/en\/#\/schema\/logo\/image\/","url":"https:\/\/aifg.it\/wp-content\/uploads\/2021\/05\/logo-aifg-trasparente.png","contentUrl":"https:\/\/aifg.it\/wp-content\/uploads\/2021\/05\/logo-aifg-trasparente.png","width":317,"height":187,"caption":"Aifg Associazione Italiana Filologia Germanica"},"image":{"@id":"https:\/\/aifg.it\/en\/#\/schema\/logo\/image\/"}},{"@type":"Person","@id":"https:\/\/aifg.it\/en\/#\/schema\/person\/42948dc1408c4975b17c130d4a6fa3dc","name":"aifg aifg","image":{"@type":"ImageObject","inLanguage":"en-US","@id":"https:\/\/secure.gravatar.com\/avatar\/2a2d9a67512fc45434fba71b06c2223248a4aeafce639da983f81294b8deb10e?s=96&d=mm&r=g","url":"https:\/\/secure.gravatar.com\/avatar\/2a2d9a67512fc45434fba71b06c2223248a4aeafce639da983f81294b8deb10e?s=96&d=mm&r=g","contentUrl":"https:\/\/secure.gravatar.com\/avatar\/2a2d9a67512fc45434fba71b06c2223248a4aeafce639da983f81294b8deb10e?s=96&d=mm&r=g","caption":"aifg aifg"},"url":"https:\/\/aifg.it\/en\/author\/aifg\/"}]}},"_links":{"self":[{"href":"https:\/\/aifg.it\/en\/wp-json\/wp\/v2\/posts\/2565","targetHints":{"allow":["GET"]}}],"collection":[{"href":"https:\/\/aifg.it\/en\/wp-json\/wp\/v2\/posts"}],"about":[{"href":"https:\/\/aifg.it\/en\/wp-json\/wp\/v2\/types\/post"}],"author":[{"embeddable":true,"href":"https:\/\/aifg.it\/en\/wp-json\/wp\/v2\/users\/2"}],"replies":[{"embeddable":true,"href":"https:\/\/aifg.it\/en\/wp-json\/wp\/v2\/comments?post=2565"}],"version-history":[{"count":4,"href":"https:\/\/aifg.it\/en\/wp-json\/wp\/v2\/posts\/2565\/revisions"}],"predecessor-version":[{"id":2609,"href":"https:\/\/aifg.it\/en\/wp-json\/wp\/v2\/posts\/2565\/revisions\/2609"}],"wp:featuredmedia":[{"embeddable":true,"href":"https:\/\/aifg.it\/en\/wp-json\/wp\/v2\/media\/1839"}],"wp:attachment":[{"href":"https:\/\/aifg.it\/en\/wp-json\/wp\/v2\/media?parent=2565"}],"wp:term":[{"taxonomy":"category","embeddable":true,"href":"https:\/\/aifg.it\/en\/wp-json\/wp\/v2\/categories?post=2565"},{"taxonomy":"post_tag","embeddable":true,"href":"https:\/\/aifg.it\/en\/wp-json\/wp\/v2\/tags?post=2565"}],"curies":[{"name":"wp","href":"https:\/\/api.w.org\/{rel}","templated":true}]}}